{"id":12579,"date":"2026-04-28T15:23:13","date_gmt":"2026-04-28T13:23:13","guid":{"rendered":"https:\/\/www.postgradospucv.cl\/?p=12579"},"modified":"2026-04-28T15:24:51","modified_gmt":"2026-04-28T13:24:51","slug":"magister-en-arquitectura-y-diseno-invita-a-lanzamiento-de-libro-sobre-el-espacio-en-la-arquitectura-del-cono-sur","status":"publish","type":"post","link":"https:\/\/www.postgradospucv.cl\/index.php\/2026\/04\/28\/magister-en-arquitectura-y-diseno-invita-a-lanzamiento-de-libro-sobre-el-espacio-en-la-arquitectura-del-cono-sur\/","title":{"rendered":"El Mag\u00edster en Arquitectura y Dise\u00f1o invita al lanzamiento del libro sobre el espacio en la arquitectura del Cono Sur"},"content":{"rendered":"\n<p>La Pontificia Universidad Cat\u00f3lica de Valpara\u00edso invita a su comunidad acad\u00e9mica al lanzamiento del libro \u201cEl espacio como interpretaci\u00f3n de la arquitectura. El IAU de la Universidad Nacional de Tucum\u00e1n (1947\u20131952) y el IA de la Universidad Cat\u00f3lica de Valpara\u00edso (1952\u20131960)\u201d, de la profesora Anna Braghini.<\/p>\n\n\n\n<p>La actividad ser\u00e1 encabezada por el director del programa, Juan Carlos Jeldes, quien extendi\u00f3 la invitaci\u00f3n a quienes deseen profundizar en la reflexi\u00f3n sobre la arquitectura desde una mirada hist\u00f3rica y conceptual.<\/p>\n\n\n\n<p>El libro, seleccionado en el Concurso de Publicaciones Monogr\u00e1ficas Acad\u00e9micas PUCV 2024 y editado por Ediciones PUCV, examina la noci\u00f3n de espacio en la arquitectura moderna del Cono Sur como una herramienta cr\u00edtica para repensar la disciplina, su ense\u00f1anza y su v\u00ednculo con la sociedad.<\/p>\n\n\n\n<p>A trav\u00e9s de una revisi\u00f3n hist\u00f3rica, la publicaci\u00f3n aborda dos experiencias fundamentales en Am\u00e9rica Latina: el Instituto de Arquitectura y Urbanismo de la Universidad Nacional de Tucum\u00e1n y el Instituto de Arquitectura de la PUCV, ambos concebidos como espacios de experimentaci\u00f3n e investigaci\u00f3n.<\/p>\n\n\n\n<p>Desde 1952, la PUCV ha impulsado un enfoque pionero en la investigaci\u00f3n del espacio arquitect\u00f3nico, destacando su Instituto de Arquitectura como un referente en el desarrollo disciplinar, proyectual y pedag\u00f3gico.<\/p>\n\n\n\n<p>El lanzamiento se realizar\u00e1 el jueves 30 de abril, a las 13:00 horas, en la Sala Am\u00e9rica de la Escuela de Arquitectura y Dise\u00f1o (Ubicado en Matta 79, Recreo, Vi\u00f1a del Mar).<\/p>\n\n\n\n<p><\/p>\n","protected":false},"excerpt":{"rendered":"<p>La Pontificia Universidad Cat\u00f3lica de Valpara\u00edso invita a su comunidad acad\u00e9mica al lanzamiento del libro \u201cEl espacio como interpretaci\u00f3n de la arquitectura. El IAU de la Universidad Nacional de Tucum\u00e1n (1947\u20131952) y el IA de la Universidad Cat\u00f3lica de Valpara\u00edso (1952\u20131960)\u201d, de la profesora Anna Braghini. La actividad ser\u00e1 encabezada por el director del programa, [&hellip;]<\/p>\n","protected":false},"author":1,"featured_media":12580,"comment_status":"closed","ping_status":"closed","sticky":false,"template":"","format":"standard","meta":{"site-sidebar-layout":"default","site-content-layout":"","ast-site-content-layout":"","site-content-style":"default","site-sidebar-style":"default","ast-global-header-display":"","ast-banner-title-visibility":"","ast-main-header-display":"","ast-hfb-above-header-display":"","ast-hfb-below-header-display":"","ast-hfb-mobile-header-display":"","site-post-title":"","ast-breadcrumbs-content":"","ast-featured-img":"","footer-sml-layout":"","theme-transparent-header-meta":"","adv-header-id-meta":"","stick-header-meta":"","header-above-stick-meta":"","header-main-stick-meta":"","header-below-stick-meta":"","astra-migrate-meta-layouts":"default","ast-page-background-enabled":"default","ast-page-background-meta":{"desktop":{"background-color":"var(--ast-global-color-4)","background-image":"","background-repeat":"repeat","background-position":"center center","background-size":"auto","background-attachment":"scroll","background-type":"","background-media":"","overlay-type":"","overlay-color":"","overlay-opacity":"","overlay-gradient":""},"tablet":{"background-color":"","background-image":"","background-repeat":"repeat","background-position":"center center","background-size":"auto","background-attachment":"scroll","background-type":"","background-media":"","overlay-type":"","overlay-color":"","overlay-opacity":"","overlay-gradient":""},"mobile":{"background-color":"","background-image":"","background-repeat":"repeat","background-position":"center center","background-size":"auto","background-attachment":"scroll","background-type":"","background-media":"","overlay-type":"","overlay-color":"","overlay-opacity":"","overlay-gradient":""}},"ast-content-background-meta":{"desktop":{"background-color":"var(--ast-global-color-5)","background-image":"","background-repeat":"repeat","background-position":"center center","background-size":"auto","background-attachment":"scroll","background-type":"","background-media":"","overlay-type":"","overlay-color":"","overlay-opacity":"","overlay-gradient":""},"tablet":{"background-color":"var(--ast-global-color-5)","background-image":"","background-repeat":"repeat","background-position":"center center","background-size":"auto","background-attachment":"scroll","background-type":"","background-media":"","overlay-type":"","overlay-color":"","overlay-opacity":"","overlay-gradient":""},"mobile":{"background-color":"var(--ast-global-color-5)","background-image":"","background-repeat":"repeat","background-position":"center center","background-size":"auto","background-attachment":"scroll","background-type":"","background-media":"","overlay-type":"","overlay-color":"","overlay-opacity":"","overlay-gradient":""}},"footnotes":""},"categories":[1],"tags":[],"class_list":["post-12579","post","type-post","status-publish","format-standard","has-post-thumbnail","hentry","category-blog"],"_links":{"self":[{"href":"https:\/\/www.postgradospucv.cl\/index.php\/wp-json\/wp\/v2\/posts\/12579","targetHints":{"allow":["GET"]}}],"collection":[{"href":"https:\/\/www.postgradospucv.cl\/index.php\/wp-json\/wp\/v2\/posts"}],"about":[{"href":"https:\/\/www.postgradospucv.cl\/index.php\/wp-json\/wp\/v2\/types\/post"}],"author":[{"embeddable":true,"href":"https:\/\/www.postgradospucv.cl\/index.php\/wp-json\/wp\/v2\/users\/1"}],"replies":[{"embeddable":true,"href":"https:\/\/www.postgradospucv.cl\/index.php\/wp-json\/wp\/v2\/comments?post=12579"}],"version-history":[{"count":2,"href":"https:\/\/www.postgradospucv.cl\/index.php\/wp-json\/wp\/v2\/posts\/12579\/revisions"}],"predecessor-version":[{"id":12582,"href":"https:\/\/www.postgradospucv.cl\/index.php\/wp-json\/wp\/v2\/posts\/12579\/revisions\/12582"}],"wp:featuredmedia":[{"embeddable":true,"href":"https:\/\/www.postgradospucv.cl\/index.php\/wp-json\/wp\/v2\/media\/12580"}],"wp:attachment":[{"href":"https:\/\/www.postgradospucv.cl\/index.php\/wp-json\/wp\/v2\/media?parent=12579"}],"wp:term":[{"taxonomy":"category","embeddable":true,"href":"https:\/\/www.postgradospucv.cl\/index.php\/wp-json\/wp\/v2\/categories?post=12579"},{"taxonomy":"post_tag","embeddable":true,"href":"https:\/\/www.postgradospucv.cl\/index.php\/wp-json\/wp\/v2\/tags?post=12579"}],"curies":[{"name":"wp","href":"https:\/\/api.w.org\/{rel}","templated":true}]}}